{"id":9170,"date":"2026-04-26T13:00:00","date_gmt":"2026-04-26T11:00:00","guid":{"rendered":"https:\/\/parafiabierzwnik.pl\/?p=9170"},"modified":"2026-04-25T20:19:32","modified_gmt":"2026-04-25T18:19:32","slug":"iv-niedziela-wielkanocna-26-04-2026","status":"publish","type":"post","link":"https:\/\/parafiabierzwnik.pl\/?p=9170","title":{"rendered":"IV Niedziela Wielkanocna &#8211; 26.04.2026"},"content":{"rendered":"\n<hr \/>\n<h3 style=\"text-align: center;\"><span style=\"font-family: tahoma, arial, helvetica, sans-serif;\">OG\u0141OSZENIA DUSZPASTERSKIE I INTENCJE MSZALNE<\/span><br \/><span style=\"font-family: tahoma, arial, helvetica, sans-serif;\">W IV NIEDZIEL\u0118 WIELKANOCN\u0104 &#8211; 26.04.2026<\/span><\/h3>\n<hr \/>\n<p align=\"left\"><span style=\"font-family: tahoma, arial, helvetica, sans-serif;\"><span style=\"font-size: medium;\">Dzi\u015b niedziela Dobrego Pasterza, kt\u00f3ra otwiera Tydzie\u0144 modlitw o powo\u0142ania do kap\u0142a\u0144stwa i \u017cycia konsekrowanego.<\/span><\/span><\/p>\n<p align=\"left\"><span style=\"font-family: tahoma, arial, helvetica, sans-serif;\"><span style=\"font-size: medium;\">1. <\/span><span style=\"font-size: medium;\">W pi\u0105tek, 1 maja, rozpoczynamy nabo\u017ce\u0144stwa majowe, na kt\u00f3re zapraszam od poniedzia\u0142ku do pi\u0105tku o godz. 17.40, w soboty o godz. 08.40. W niedziele i uroczysto\u015bci na 20 minut przed Msz\u0105 \u015bw. <br \/>Tych, kt\u00f3rzy nie mog\u0105 uczestniczy\u0107 w nabo\u017ce\u0144stwie majowym w ko\u015bciele zach\u0119cam do modlitwy przy krzy\u017cach na terenie parafii: Jaglisko, Ostrom\u0119cko, Starzyce, Strumienno. <br \/>Przy tej okazji dzi\u0119kuj\u0119 wszystkim, kt\u00f3rzy troszcz\u0105 si\u0119 o przydro\u017cne krzy\u017ce, daj\u0105c te\u017c w ten spos\u00f3b pi\u0119kne \u015bwiadectwo pobo\u017cno\u015bci i wiary. <\/span><\/span><\/p>\n<p align=\"left\"><span style=\"font-family: tahoma, arial, helvetica, sans-serif;\"><span style=\"font-size: 12pt;\">\u00a02.<\/span> <span style=\"color: #c00000;\"><span style=\"font-size: medium;\"><u><b>W tygodniu:<\/b><\/u><\/span><\/span><\/span><\/p>\n<ul>\n<li style=\"list-style-type: none;\">\n<ul>\n<li><span style=\"font-family: tahoma, arial, helvetica, sans-serif;\"><span style=\"color: #c00000;\"><span style=\"font-size: medium;\"><b>Poniedzia\u0142ek<\/b><\/span><\/span><span style=\"font-size: medium;\"> \u2013 27 kwietnia, Msza \u015bw. o godz. 17.00. <br \/>Po Mszy \u015bw. pr\u00f3ba dla kandydat\u00f3w do Sakramentu Bierzmowania.<\/span><\/span><\/li>\n<\/ul>\n<\/li>\n<\/ul>\n<ul>\n<li style=\"list-style-type: none;\">\n<ul>\n<li>\n<p align=\"left\"><span style=\"font-family: tahoma, arial, helvetica, sans-serif;\"><span style=\"color: #c00000;\"><span style=\"font-size: medium;\"><b>Wtorek<\/b><\/span><\/span><span style=\"font-size: medium;\"> \u2013 <\/span><span style=\"font-size: medium;\">2<\/span><span style=\"font-size: medium;\">8 kwietnia, Msza \u015bw. o godz. 17.00, o godz. 17.30 spowied\u017a dla kandydat\u00f3w do Sakramentu Bierzmowania i \u015bwiadk\u00f3w, po spowiedzi pr\u00f3ba generalna.<\/span><\/span><\/p>\n<\/li>\n<\/ul>\n<\/li>\n<\/ul>\n<ul>\n<li style=\"list-style-type: none;\">\n<ul>\n<li>\n<p align=\"left\"><span style=\"font-family: tahoma, arial, helvetica, sans-serif;\"><span style=\"color: #c00000;\"><span style=\"font-size: medium;\"><b>\u015aroda<\/b><\/span><\/span><span style=\"font-size: medium;\"><b> \u2013 <\/b><\/span><span style=\"color: #c00000;\"><span style=\"font-size: medium;\"><b>29 kwietnia, o godz. 16.00 ks. bp Henryk Wejman udzieli Sakramentu Bierzmowania m\u0142odzie\u017cy naszej parafii i z parafii Brzeziny.<\/b><\/span><\/span><\/span><\/p>\n<\/li>\n<\/ul>\n<\/li>\n<\/ul>\n<ul>\n<li style=\"list-style-type: none;\">\n<ul>\n<li>\n<p align=\"left\"><span style=\"font-family: tahoma, arial, helvetica, sans-serif;\"><span style=\"color: #c00000;\"><span style=\"font-size: medium;\"><b>Pi\u0105tek <\/b><\/span><\/span><span style=\"font-size: medium;\"><b>\u2013<\/b><\/span><b> <\/b><span style=\"font-size: medium;\">1 maja, <\/span><span style=\"color: #c00000;\"><span style=\"font-size: medium;\"><b>I pi\u0105tek miesi\u0105ca.<\/b><\/span><\/span><span style=\"font-size: medium;\"> Od godz. 9.00 odwiedziny chorych i starszych z komuni\u0105\u00a0\u015bw. <br \/>O godz. 17.15 wystawienie Naj\u015bwi\u0119tszego Sakramentu, modlitwa r\u00f3\u017ca\u0144cowa R\u00f3\u017cy \u015bw.\u00a0Rity, nabo\u017ce\u0144stwo majowe.<br \/><\/span><a href=\"https:\/\/kuria.pl\/dyspensa-od-obowiazku-zachowania-dnia-pokuty-w-piatek-1-maja-2026-r\" target=\"_blank\" rel=\"noopener\"><span style=\"font-size: medium;\"><b>Na pi\u0105tek, 1 maja, ks. abp Wies\u0142aw \u015amigiel udzieli\u0142 dyspensy od dnia pokutnego i wstrzemi\u0119\u017aliwo\u015bci od pokarm\u00f3w mi\u0119snych.<\/b><\/span><\/a><\/span><\/p>\n<\/li>\n<\/ul>\n<\/li>\n<\/ul>\n<ul>\n<li style=\"list-style-type: none;\">\n<ul>\n<li>\n<p align=\"left\"><span style=\"font-family: tahoma, arial, helvetica, sans-serif;\"><span style=\"color: #c00000;\"><span style=\"font-size: medium;\"><b>Sobota<\/b><\/span><\/span><span style=\"font-size: medium;\"> \u2013 <\/span><span style=\"color: #0070c0;\"><span style=\"font-size: medium;\"><b>Poniewa\u017c 3 maja przypada V Niedziela Wielkanocy, uroczysto\u015b\u0107 Naj\u015bwi\u0119tszej Maryi Panny, Kr\u00f3lowej Polski zosta\u0142a przeniesiona na 2 maja.<\/b><\/span><\/span> <span style=\"color: #0070c0;\"><span style=\"font-size: medium;\"><b>I sobota miesi\u0105ca.<\/b><\/span><\/span> <br \/><span style=\"font-size: medium;\"><b>W Bierzwniku <\/b><\/span><span style=\"color: #242424;\"><span style=\"font-size: medium;\"><b>o godz. 11.45 M\u0119ski R\u00f3\u017caniec w intencji Ojczyzny, nast\u0119pnie nabo\u017ce\u0144stwo majowe i o<\/b><\/span><\/span> <span style=\"font-size: medium;\"><b>godz. 12.30 Msza \u015bw. <br \/>W Kolsku Msza \u015bw. godz. 10.00.<br \/><\/b><\/span><span style=\"color: #c00000;\"><span style=\"font-size: medium;\"><b>2 maja to Dzie\u0144 flagi Rzeczypospolitej Polskiej.<\/b><\/span><\/span><\/span><\/p>\n<\/li>\n<\/ul>\n<\/li>\n<\/ul>\n<ul>\n<li style=\"list-style-type: none;\">\n<ul>\n<li>\n<p align=\"left\"><span style=\"font-family: tahoma, arial, helvetica, sans-serif;\"><span style=\"color: #c00000;\"><span style=\"font-size: medium;\"><b>Niedziela<\/b><\/span><\/span><span style=\"font-size: medium;\"> \u2013 3 maja, <\/span><span style=\"color: #c00000;\"><span style=\"font-size: medium;\"><b>235. rocznica uchwalenia Konstytucji 3 Maja.<br \/><\/b><\/span><\/span><span style=\"font-size: medium;\"><b>W Bierzwniku o godz. 12.30 Msza \u015bw. w intencji Ojczyzny i Gminy Bierzwnik, kt\u00f3rej b\u0119dzie przewodniczy\u0142 ks. Stanis\u0142aw Flis SAC, proboszcz parafii \u015bw. Jana Ewangelisty i Kapelan Stella Maris ze Szczecina.<\/b><\/span><span style=\"font-size: medium;\"> <br \/>Po Mszy \u015bw. Przewodnicz\u0105ca Rady Gminy Bierzwnik i Pan W\u00f3jt Gminy Bierzwnik zapraszaj\u0105 na Koncert muzyczno \u2013\u00a0s\u0142owny dzieci ZSP im. Dziedzictwa Cysters\u00f3w Bierzwnickich i wyst\u0119p zespo\u0142u Artes Ensemble na placu przy Przystanku W\u0119drowca oraz na wsp\u00f3lne biesiadowanie. <br \/>Wi\u0119cej informacji o maj\u00f3wce w Bierzwniku w Internecie i na plakatach.<\/span><\/span><\/p>\n<\/li>\n<\/ul>\n<\/li>\n<\/ul>\n<p align=\"left\"><span style=\"font-family: tahoma, arial, helvetica, sans-serif;\"><span style=\"font-size: medium;\">3. <\/span><span style=\"font-size: medium;\">Bardzo dzi\u0119kuj\u0119 rodzicom m\u0142odzie\u017cy przygotowuj\u0105cej si\u0119 do Sakramentu Bierzmowania i rodzicom dzieci przygotowuj\u0105cych si\u0119 do I Komunii \u015bw. za umycie okien na wirydarzu, kapitularzu, zakrystii i rozm\u00f3wnicy. <\/span><\/span><\/p>\n<p align=\"left\"><span style=\"font-family: tahoma, arial, helvetica, sans-serif;\"><span style=\"font-size: medium;\">4. <\/span><span style=\"font-size: medium;\">Wszystkim jubilatom i\u00a0solenizantom tego tygodnia \u017cycz\u0119 wielu Bo\u017cych \u0142ask i opieki Matki Bo\u017cej.<\/span> <br \/><span style=\"font-size: medium;\">Parafianom i Go\u015bciom \u017cycz\u0119 b\u0142ogos\u0142awionego tygodnia.<\/span><\/span><\/p>\n<p align=\"right\"><span style=\"font-size: 12pt; font-family: tahoma, arial, helvetica, sans-serif;\">ks. kan. S\u0142awomir Mazurkiewicz \u2013 proboszcz<\/span><\/p>\n<hr \/>\n<h3 style=\"text-align: center;\"><span style=\"font-family: tahoma, arial, helvetica, sans-serif;\">INTENCJE MSZALNE<\/span><br \/><span style=\"font-family: tahoma, arial, helvetica, sans-serif;\">26.04.2026 &#8211; 3.05.2026<\/span><\/h3>\n<hr \/>\n<h3><span style=\"font-family: tahoma, arial, helvetica, sans-serif;\">NIEDZIELA \u2013 26. 04. 2026 r.<\/span><\/h3>\n<p style=\"text-align: left;\"><span style=\"font-family: tahoma, arial, helvetica, sans-serif;\"><strong><span style=\"font-size: 12pt;\">08.30 &#8211; BIERZWNIK<\/span><\/strong><\/span><br \/><span style=\"font-size: 12pt; font-family: tahoma, arial, helvetica, sans-serif;\">+ Zbigniew Szymoniak;<\/span><\/p>\n<p style=\"text-align: left;\"><span style=\"font-family: tahoma, arial, helvetica, sans-serif;\"><strong><span style=\"font-size: 12pt;\">10.00 \u2013 KOLSK<\/span><\/strong><\/span><br \/><span style=\"font-size: 12pt; font-family: tahoma, arial, helvetica, sans-serif;\">+ J\u00f3zef Juszczak, 32. rocz. \u015bm.;<\/span><\/p>\n<p style=\"text-align: left;\"><span style=\"font-family: tahoma, arial, helvetica, sans-serif;\"><strong><span style=\"font-size: 12pt;\">11.15 &#8211; G\u00d3RZNO<\/span><\/strong><\/span><br \/><span style=\"font-size: 12pt; font-family: tahoma, arial, helvetica, sans-serif;\">+ Kazimierz, Karolina, Bogdan, Sabina Przyby\u0142; Dorota Dolat;<\/span><\/p>\n<p style=\"text-align: left;\"><span style=\"font-family: tahoma, arial, helvetica, sans-serif;\"><strong><span style=\"font-size: 12pt;\">12.30 \u2013 BIERZWNIK<\/span><\/strong><\/span><br \/><span style=\"font-size: 12pt; font-family: tahoma, arial, helvetica, sans-serif;\">+ J\u00f3zefa, Zenon, Stanis\u0142aw Kirewicz;<\/span><\/p>\n<h3><span style=\"font-family: tahoma, arial, helvetica, sans-serif;\">PONIEDZIA\u0141EK \u2013 27. 04. 2026 r.<\/span><\/h3>\n<p style=\"text-align: left;\"><span style=\"font-family: tahoma, arial, helvetica, sans-serif;\"><strong><span style=\"font-size: 12pt;\">17.00 \u2013 BIERZWNIK<\/span><\/strong><\/span><br \/><span style=\"font-size: 12pt; font-family: tahoma, arial, helvetica, sans-serif;\">+ Jadwiga Sikora oraz o Bo\u017ce b\u0142og. i zdrowie dla Czes\u0142awy Szymoniak;<\/span><\/p>\n<h3><span style=\"font-family: tahoma, arial, helvetica, sans-serif;\">WTOREK \u2013 28. 04. 2026 r.<\/span><\/h3>\n<p style=\"text-align: left;\"><span style=\"font-family: tahoma, arial, helvetica, sans-serif;\"><strong><span style=\"font-size: 12pt;\">17.00 &#8211; BIERZWNIK<\/span><\/strong><\/span><br \/><span style=\"font-size: 12pt; font-family: tahoma, arial, helvetica, sans-serif;\">&#8211; O Bo\u017ce b\u0142og., opiek\u0119 Matki Bo\u017cej i \u0142ask\u0119 wiary dla Aleksandry z okazji urodzin;<\/span><\/p>\n<h3><span style=\"font-family: tahoma, arial, helvetica, sans-serif;\">\u015aRODA \u2013 29. 04. 2026 r.<\/span><\/h3>\n<p style=\"text-align: left;\"><span style=\"font-family: tahoma, arial, helvetica, sans-serif;\"><strong><span style=\"font-size: 12pt;\">10.00 \u2013 KOLSK DPS<\/span><\/strong><\/span><br \/><span style=\"font-size: 12pt; font-family: tahoma, arial, helvetica, sans-serif;\">&#8211; W intencji wiadomej Panu Bogu;<\/span><\/p>\n<p style=\"text-align: left;\"><span style=\"font-family: tahoma, arial, helvetica, sans-serif;\"><strong><span style=\"font-size: 12pt;\">16.00 &#8211; BIERZWNIK<\/span><\/strong><\/span><br \/><span style=\"font-size: 12pt; font-family: tahoma, arial, helvetica, sans-serif;\">1). \u2013 W intencji m\u0142odzie\u017cy, kt\u00f3ra otrzyma Sakrament Bierzmowania;<\/span><br \/><span style=\"font-size: 12pt; font-family: tahoma, arial, helvetica, sans-serif;\">2). + Lech Ubych, 4. rocz. \u015bm. \u2013 int. od syna Piotra z rodzin\u0105;<\/span><\/p>\n<h3><span style=\"font-family: tahoma, arial, helvetica, sans-serif;\">CZWARTEK \u2013 30. 04. 2026 r.<\/span><\/h3>\n<p style=\"text-align: left;\"><span style=\"font-family: tahoma, arial, helvetica, sans-serif;\"><strong><span style=\"font-size: 12pt;\">18.00 &#8211; BIERZWNIK<\/span><\/strong><\/span><br \/><span style=\"font-size: 12pt; font-family: tahoma, arial, helvetica, sans-serif;\">+ Eugeniusz Gustowski \u2013 int. od brata Mieczys\u0142awa z rodzin\u0105;<\/span><\/p>\n<h3><span style=\"font-family: tahoma, arial, helvetica, sans-serif;\">PI\u0104TEK \u2013 01. 05. 2026 r.<\/span><\/h3>\n<p style=\"text-align: left;\"><span style=\"font-family: tahoma, arial, helvetica, sans-serif;\"><strong><span style=\"font-size: 12pt;\">18.00 &#8211; BIERZWNIK<\/span><\/strong><\/span><br \/><span style=\"font-size: 12pt; font-family: tahoma, arial, helvetica, sans-serif;\">&#8211; W intencjach R\u00f3\u017cy \u015bw. Rity i zmar\u0142ego ks. Zygmunta Kraszewskiego;<\/span><\/p>\n<h3><span style=\"font-family: tahoma, arial, helvetica, sans-serif;\">SOBOTA \u2013 02. 05. 2026 r.<\/span><\/h3>\n<p style=\"text-align: left;\"><span style=\"font-family: tahoma, arial, helvetica, sans-serif;\"><strong><span style=\"font-size: 12pt;\">10.00 &#8211; KOLSK<\/span><\/strong><\/span><br \/><span style=\"font-size: 12pt; font-family: tahoma, arial, helvetica, sans-serif;\">+ J\u00f3zef, Eugenia, J\u00f3zef Juszczak;<\/span><\/p>\n<p style=\"text-align: left;\"><span style=\"font-family: tahoma, arial, helvetica, sans-serif;\"><strong><span style=\"font-size: 12pt;\">12.30 \u2013 BIERZWNIK<\/span><\/strong><\/span><br \/><span style=\"font-size: 12pt; font-family: tahoma, arial, helvetica, sans-serif;\">&#8211; O Bo\u017ce b\u0142og., opiek\u0119 Matki Bo\u017cej i zdrowie dla Edmunda \u017burawskiego z okazji 80. ur.;<\/span><\/p>\n<h3><span style=\"font-family: tahoma, arial, helvetica, sans-serif;\">NIEDZIELA \u2013 03. 05. 2026 r.<\/span><\/h3>\n<p style=\"text-align: left;\"><span style=\"font-family: tahoma, arial, helvetica, sans-serif;\"><strong><span style=\"font-size: 12pt;\">08.30 \u2013 BIERZWNIK<\/span><\/strong><\/span><br \/><span style=\"font-size: 12pt; font-family: tahoma, arial, helvetica, sans-serif;\">+ Ewa, J\u00f3zefa, Maria, Stanis\u0142aw, Marian Sawiccy;<\/span><\/p>\n<p style=\"text-align: left;\"><span style=\"font-family: tahoma, arial, helvetica, sans-serif;\"><strong><span style=\"font-size: 12pt;\">10.00 &#8211; KOLSK<\/span><\/strong><\/span><br \/><span style=\"font-size: 12pt; font-family: tahoma, arial, helvetica, sans-serif;\">+ Stanis\u0142awa, Jan, Aleksander Chy\u015b i zmar\u0142e rodze\u0144stwo;<\/span><\/p>\n<p style=\"text-align: left;\"><span style=\"font-family: tahoma, arial, helvetica, sans-serif;\"><strong><span style=\"font-size: 12pt;\">11.15 \u2013 G\u00d3RZNO<\/span><\/strong><\/span><br \/><span style=\"font-size: 12pt; font-family: tahoma, arial, helvetica, sans-serif;\">&#8211; O \u015bwiat\u0142o Ducha \u015awi\u0119tego dla Oliwi na egzaminach maturalnych;<\/span><\/p>\n<p style=\"text-align: left;\"><span style=\"font-family: tahoma, arial, helvetica, sans-serif;\"><strong><span style=\"font-size: 12pt;\">12.30 &#8211; BIERZWNIK<\/span><\/strong><\/span><br \/><span style=\"font-size: 12pt; font-family: tahoma, arial, helvetica, sans-serif;\">1). &#8211; W intencji Ojczyzny i Gminy Bierzwnik;<\/span><br \/><span style=\"font-size: 12pt; font-family: tahoma, arial, helvetica, sans-serif;\">2). &#8211; W intencjach \u017bywego R\u00f3\u017ca\u0144ca oraz o Bo\u017ce b\u0142og., opiek\u0119 Matki Bo\u017cej dla Julii Bosiackiej z okazji 18. rocz. ur. \u2013 int. od rodzic\u00f3w i rodze\u0144stwa;<\/span><\/p>\n<p>\u00a0<\/p>\n","protected":false},"excerpt":{"rendered":"<div class=\"mh-excerpt\"><p>Og\u0142oszenia duszpasterskie i intencje mszalne <br \/>w IV Niedziel\u0119 Wielkanocn\u0105 &#8211; 26.04.2026<br \/>Niedziela Dobrego Pasterza<\/p>\n<\/div>","protected":false},"author":1,"featured_media":1957,"comment_status":"closed","ping_status":"closed","sticky":false,"template":"","format":"standard","meta":{"_monsterinsights_skip_tracking":false,"_monsterinsights_sitenote_active":false,"_monsterinsights_sitenote_note":"","_monsterinsights_sitenote_category":0,"footnotes":""},"categories":[5],"tags":[],"post_folder":[25],"class_list":["post-9170","post","type-post","status-publish","format-standard","has-post-thumbnail","hentry","category-ogloszenia-parafialne"],"_links":{"self":[{"href":"https:\/\/parafiabierzwnik.pl\/index.php?rest_route=\/wp\/v2\/posts\/9170","targetHints":{"allow":["GET"]}}],"collection":[{"href":"https:\/\/parafiabierzwnik.pl\/index.php?rest_route=\/wp\/v2\/posts"}],"about":[{"href":"https:\/\/parafiabierzwnik.pl\/index.php?rest_route=\/wp\/v2\/types\/post"}],"author":[{"embeddable":true,"href":"https:\/\/parafiabierzwnik.pl\/index.php?rest_route=\/wp\/v2\/users\/1"}],"replies":[{"embeddable":true,"href":"https:\/\/parafiabierzwnik.pl\/index.php?rest_route=%2Fwp%2Fv2%2Fcomments&post=9170"}],"version-history":[{"count":19,"href":"https:\/\/parafiabierzwnik.pl\/index.php?rest_route=\/wp\/v2\/posts\/9170\/revisions"}],"predecessor-version":[{"id":9311,"href":"https:\/\/parafiabierzwnik.pl\/index.php?rest_route=\/wp\/v2\/posts\/9170\/revisions\/9311"}],"wp:featuredmedia":[{"embeddable":true,"href":"https:\/\/parafiabierzwnik.pl\/index.php?rest_route=\/wp\/v2\/media\/1957"}],"wp:attachment":[{"href":"https:\/\/parafiabierzwnik.pl\/index.php?rest_route=%2Fwp%2Fv2%2Fmedia&parent=9170"}],"wp:term":[{"taxonomy":"category","embeddable":true,"href":"https:\/\/parafiabierzwnik.pl\/index.php?rest_route=%2Fwp%2Fv2%2Fcategories&post=9170"},{"taxonomy":"post_tag","embeddable":true,"href":"https:\/\/parafiabierzwnik.pl\/index.php?rest_route=%2Fwp%2Fv2%2Ftags&post=9170"},{"taxonomy":"post_folder","embeddable":true,"href":"https:\/\/parafiabierzwnik.pl\/index.php?rest_route=%2Fwp%2Fv2%2Fpost_folder&post=9170"}],"curies":[{"name":"wp","href":"https:\/\/api.w.org\/{rel}","templated":true}]}}