{"id":9150,"date":"2026-09-06T13:00:00","date_gmt":"2026-09-06T11:00:00","guid":{"rendered":"https:\/\/parafiabierzwnik.pl\/?p=9150"},"modified":"2026-09-06T10:47:00","modified_gmt":"2026-09-06T08:47:00","slug":"xxiii-niedziela-zwykla-6-09-2026","status":"publish","type":"post","link":"https:\/\/parafiabierzwnik.pl\/?p=9150","title":{"rendered":"XXIII Niedziela zwyk\u0142a \u2013 6.09.2026"},"content":{"rendered":"<hr \/>\n<h3 style=\"text-align: center;\">OG\u0141OSZENIA DUSZPASTERSKIE I INTENCJE MSZALNE<br \/>\nW XXIII NIEDZIEL\u0118 ZWYK\u0141\u0104 &#8211; 6.09.2026<\/h3>\n<hr \/>\n<ol>\n<li value=\"1\">\n<p align=\"left\"><span style=\"font-family: Arial, sans-serif;\"><span style=\"font-size: medium;\"><span style=\"color: #c00000;\"><u><b>\u00a0W tygodniu:<\/b><\/u><\/span><\/span><\/span><\/p>\n<\/li>\n<\/ol>\n<ul>\n<li style=\"list-style-type: none;\">\n<ul>\n<li>\n<p align=\"left\"><span style=\"font-family: Arial, sans-serif;\"><span style=\"font-size: medium;\"><span style=\"color: #c00000;\"><b>Poniedzia\u0142ek<\/b><\/span><b> \u2013 Msza \u015bw. o godz. 09.00.<\/b><\/span><\/span><\/p>\n<\/li>\n<\/ul>\n<\/li>\n<\/ul>\n<ul>\n<li style=\"list-style-type: none;\">\n<ul>\n<li>\n<p align=\"left\"><span style=\"font-family: Arial, sans-serif;\"><span style=\"font-size: medium;\"><span style=\"color: #c00000;\"><b>Wtorek<\/b><\/span><b> \u2013 08 wrze\u015bnia, <\/b><span style=\"color: #0070c0;\"><b>\u015bwi\u0119to Narodzenia Naj\u015bwi\u0119tszej Maryi Panny<\/b><\/span><b>.<br \/>\nW polskiej tradycji nazywane \u015bwi\u0119tem Matki Bo\u017cej Siewnej.<br \/>\nPodczas Mszy \u015bw. b\u0142ogos\u0142awie\u0144stwo ziarna pod zasiew.<\/b><\/span><\/span><\/p>\n<\/li>\n<\/ul>\n<\/li>\n<\/ul>\n<ul>\n<li style=\"list-style-type: none;\">\n<ul>\n<li>\n<p align=\"left\"><span style=\"font-family: Arial, sans-serif;\"><span style=\"font-size: medium;\"><span style=\"color: #c00000;\"><b>\u015aroda<\/b><\/span><b> <\/b><span style=\"color: #c00000;\"><b>\u2013 <\/b><\/span><b>09 wrze\u015bnia, o godz. 17.45 <\/b><span style=\"color: #0070c0;\"><b>nowenna do Matki Bo\u017cej Niestaj\u0105cej Pomocy<\/b><\/span><b>.<\/b><\/span><\/span><\/p>\n<\/li>\n<\/ul>\n<\/li>\n<\/ul>\n<ul>\n<li style=\"list-style-type: none;\">\n<ul>\n<li>\n<p align=\"left\"><span style=\"font-family: Arial, sans-serif;\"><span style=\"font-size: medium;\"><span style=\"color: #c00000;\"><b>Pi\u0105tek<\/b><\/span><b> \u2013 11 wrze\u015bnia, <\/b><span style=\"color: #c00000;\"><b>Po Mszy \u015bw. spotkanie organizacyjne z rodzicami i m\u0142odzie\u017c\u0105 kl. VI i VII przygotowuj\u0105c\u0105 si\u0119 do Sakramentu Bierzmowania. <\/b><\/span><\/span><\/span><\/p>\n<\/li>\n<\/ul>\n<\/li>\n<\/ul>\n<ul>\n<li style=\"list-style-type: none;\">\n<ul>\n<li>\n<p align=\"left\"><span style=\"font-family: Arial, sans-serif;\"><span style=\"font-size: medium;\"><span style=\"color: #c00000;\"><b>Niedziela <\/b><\/span>\u2013 <b>13 wrze\u015bnia, II niedziela miesi\u0105ca.<br \/>\nPo Mszach \u015bw. b\u0119d\u0105 zbierane ofiary na kwiaty i \u015brodki czysto\u015bci do ko\u015bcio\u0142a. <\/b><span style=\"color: #0070c0;\"><b>Dzie\u0144 Fatimski.<\/b><\/span><b><br \/>\nO godz. 16.00 modlitwa r\u00f3\u017ca\u0144cowa, kazanie wyg\u0142osi ks. Artur Karbowy rozwa\u017canie i procesja fatimska.<br \/>\nO dekoracj\u0119 kwiatow\u0105 i niesienie figury Matki Bo\u017cej podczas procesji prosz\u0119 R\u00f3\u017c\u0119 \u015bw. Rity.<\/b><span style=\"color: #212529;\"><br \/>\n<\/span><\/span><\/span><span style=\"font-family: Arial, sans-serif;\"><span style=\"font-size: medium;\"><span style=\"color: #212529;\">R\u00f3wnie\u017c, <\/span>13 wrze\u015bnia Archidiecezjalne Do\u017cynki w Barzkowicach.<br \/>\nMsza \u015awi\u0119ta dzi\u0119kczynna za tegoroczne plony o godz. 11.00 pod przewodnictwem Ksi\u0119dza Arcybiskupa Wies\u0142awa \u015amigla.<\/span><\/span><\/p>\n<\/li>\n<\/ul>\n<\/li>\n<\/ul>\n<ol start=\"2\">\n<li>\n<p align=\"left\"><span style=\"font-family: Arial, sans-serif;\"><span style=\"font-size: medium;\"><b>14 wrze\u015bnia 2026 r. o godz. 04.00 sprzed klasztoru wyje\u017cd\u017camy na pielgrzymk\u0119 autokarow\u0105 do: Gietrzwa\u0142du, \u015awi\u0119tej Lipki, Stoczka Klasztornego, Torunia, G\u00f3rki Klasztornej.<\/b><\/span><\/span><\/p>\n<\/li>\n<\/ol>\n<ol start=\"3\">\n<li>\n<p align=\"left\"><span style=\"font-family: Arial, sans-serif;\"><span style=\"font-size: medium;\"><b>Zapraszam ch\u0142opc\u00f3w, m\u0142odzie\u017c a nawet starszych pan\u00f3w, kt\u00f3rzy byli ministrantami do s\u0142u\u017cby liturgicznej przy o\u0142tarzu. <\/b><\/span><\/span><\/p>\n<\/li>\n<\/ol>\n<ol start=\"4\">\n<li>\n<p align=\"left\"><span style=\"font-family: Arial, sans-serif;\"><span style=\"font-size: medium;\"><b>Do sakramentu ma\u0142\u017ce\u0144stwa przygotowuj\u0105 si\u0119:<\/b><br \/>\n<b>Mariusz Maryniak<\/b>, stan wolny i <b>Alicja Szczerbicka<\/b>, stan wolny, parafia tutejsza. <b>Zapowied\u017a trzecia.<\/b><br \/>\nKtokolwiek zna\u0142by przeszkod\u0119 uniemo\u017cliwiaj\u0105c\u0105 zawarcie ma\u0142\u017ce\u0144stwa ww. os\u00f3b zobowi\u0105zany jest powiadomi\u0107 o tym w biurze parafialnym.<\/span><\/span><\/p>\n<\/li>\n<\/ol>\n<ol start=\"5\">\n<li>\n<p align=\"left\"><span style=\"font-family: Arial, sans-serif;\"><span style=\"font-size: medium;\"><b>Dzi\u0119kuj\u0119 Rodzinom wiadomym Panu Bogu za ofiar\u0119 700 z\u0142 na ko\u015bci\u00f3\u0142.<\/b><\/span><\/span><\/p>\n<\/li>\n<\/ol>\n<ol start=\"6\">\n<li>\n<p align=\"left\"><span style=\"font-family: Arial, sans-serif;\"><span style=\"font-size: medium;\">Wszystkim jubilatom i\u00a0solenizantom tego tygodnia \u017cycz\u0119 wielu Bo\u017cych \u0142ask i opieki Matki Szkaplerznej.<br \/>\nWszystkim Parafianom o Go\u015bciom \u017cycz\u0119 dobrej niedzieli i b\u0142ogos\u0142awionego tygodnia. <\/span><\/span><\/p>\n<\/li>\n<\/ol>\n<p align=\"right\"><span style=\"font-size: 12pt;\">ks. kan. S\u0142awomir Mazurkiewicz \u2013 proboszcz<\/span><\/p>\n<hr \/>\n<h3 style=\"text-align: center;\">INTENCJE MSZALNE<br \/>\n6.09.2026 \u2013 13.09.2026<\/h3>\n<hr \/>\n<h3 align=\"left\">NIEDZIELA \u2013 06. 09. 2026 r.<\/h3>\n<p align=\"left\"><strong><span style=\"font-family: Arial, sans-serif;\"><span style=\"font-size: medium;\">08.30 &#8211; BIERZWNIK<br \/>\n<\/span><\/span><\/strong><span style=\"font-family: Arial, sans-serif;\"><span style=\"font-size: medium;\">+ Stanis\u0142awa, Sylwester Urma\u0144scy i pozostali zmarli z rodziny \u2013 int. od syna z \u017cona i dzie\u0107mi;<\/span><\/span><\/p>\n<p align=\"left\"><strong><span style=\"font-family: Arial, sans-serif;\"><span style=\"font-size: medium;\">10.00 \u2013 KOLSK<br \/>\n<\/span><\/span><\/strong><span style=\"font-family: Arial, sans-serif;\"><span style=\"font-size: medium;\">+ Helena, 1. rocz. \u015bm., Stanis\u0142aw Biesiada;<\/span><\/span><\/p>\n<p align=\"left\"><strong><span style=\"font-family: Arial, sans-serif;\"><span style=\"font-size: medium;\">11.15 &#8211; G\u00d3RZNO<br \/>\n<\/span><\/span><\/strong><span style=\"font-family: Arial, sans-serif;\"><span style=\"font-size: medium;\">+ Jan Dorocki; Jan, Stanis\u0142awa, Tadeusz Emilianowicz; Ewa, Jan, \u0141ukasz Pietrzak;<\/span><\/span><\/p>\n<p align=\"left\"><strong><span style=\"font-family: Arial, sans-serif;\"><span style=\"font-size: medium;\">12.30 \u2013 BIERZWNIK<br \/>\n<\/span><\/span><\/strong><span style=\"font-family: Arial, sans-serif;\"><span style=\"font-size: medium;\">&#8211; W intencjach \u017bywego R\u00f3\u017ca\u0144ca oraz b\u0142ogos\u0142awie\u0144stwo Bo\u017ce dla dzieci, m\u0142odzie\u017cy, rodzic\u00f3w, dyrekcji, nauczycieli, pracownik\u00f3w administracji na nowy rok szkolny;<\/span><\/span><\/p>\n<h3 align=\"left\">PONIEDZIA\u0141EK \u2013 07. 09. 2026 r.<\/h3>\n<p align=\"left\"><strong><span style=\"font-family: Arial, sans-serif;\"><span style=\"font-size: medium;\">09.00 \u2013 BIERZWNIK<br \/>\n<\/span><\/span><\/strong><span style=\"font-family: Arial, sans-serif;\"><span style=\"font-size: medium;\">+ Ks. prof. Andrzej Offma\u0144ski;<\/span><\/span><\/p>\n<h3 align=\"left\">WTOREK \u2013 08. 09. 2026 r.<\/h3>\n<p align=\"left\"><strong><span style=\"font-family: Arial, sans-serif;\"><span style=\"font-size: medium;\">18.00 &#8211; BIERZWNIK<br \/>\n<\/span><\/span><\/strong><span style=\"font-family: Arial, sans-serif;\"><span style=\"font-size: medium;\">+ Za zmar\u0142ych z rodziny Pieniacha; Marian, Jadwiga Cabaj;<\/span><\/span><\/p>\n<h3 align=\"left\">\u015aRODA \u2013 09. 09. 2026 r.<\/h3>\n<p align=\"left\"><strong><span style=\"font-family: Arial, sans-serif;\"><span style=\"font-size: medium;\">10.00 \u2013 KOLSK DPS<br \/>\n<\/span><\/span><\/strong><span style=\"font-family: Arial, sans-serif;\"><span style=\"font-size: medium;\">&#8211; W pewnej intencji; <\/span><\/span><\/p>\n<p align=\"left\"><strong><span style=\"font-family: Arial, sans-serif;\"><span style=\"font-size: medium;\">18.00 &#8211; BIERZWNIK<br \/>\n<\/span><\/span><\/strong><span style=\"font-family: Arial, sans-serif;\"><span style=\"font-size: medium;\">+ Ma\u0142gorzata, Irena, Krzysztof, Miros\u0142aw, Tadeusz Hankiewicz;<\/span><\/span><\/p>\n<h3 align=\"left\">CZWARTEK \u2013 10. 09. 2026 r.<\/h3>\n<p align=\"left\"><span style=\"font-family: Arial, sans-serif;\"><span style=\"font-size: medium;\"><strong>18.00 &#8211; BIERZWNIK<\/strong><br \/>\n<\/span><\/span><span style=\"font-family: Arial, sans-serif;\"><span style=\"font-size: medium;\">+ Jagna Nowosad \u2013 int. od dzieci Mariusza i Magdaleny z rodzin\u0105;<\/span><\/span><\/p>\n<h3 align=\"left\">PI\u0104TEK \u2013 11. 09. 2026 r.<\/h3>\n<p align=\"left\"><strong><span style=\"font-family: Arial, sans-serif;\"><span style=\"font-size: medium;\">10.00 &#8211; KOLSK<br \/>\n<\/span><\/span><\/strong><span style=\"font-family: Arial, sans-serif;\"><span style=\"font-size: medium;\">+ Dariusz, Tadeusz D\u0105browscy; <\/span><\/span><\/p>\n<p align=\"left\"><strong><span style=\"font-family: Arial, sans-serif;\"><span style=\"font-size: medium;\">18.00 &#8211; BIERZWNIK<br \/>\n<\/span><\/span><\/strong><span style=\"font-family: Arial, sans-serif;\"><span style=\"font-size: medium;\">+ Zdzis\u0142aw Tomczak, p\u00f3\u0142 roku po \u015bm. \u2013 int. od \u017cony<\/span><\/span><\/p>\n<h3 align=\"left\">SOBOTA \u2013 12. 09. 2026 r.<\/h3>\n<p align=\"left\"><strong><span style=\"font-family: Arial, sans-serif;\"><span style=\"font-size: medium;\">09.00 \u2013 BIERZWNIK<br \/>\n<\/span><\/span><\/strong><span style=\"font-family: Arial, sans-serif;\"><span style=\"font-size: medium;\">+ Zbigniew, Teofila Bosiaccy \u2013 int. od syna i c\u00f3rki z rodzinami;<\/span><\/span><\/p>\n<h3 align=\"left\">NIEDZIELA \u2013 13. 09. 2026 r.<\/h3>\n<p align=\"left\"><strong><span style=\"font-family: Arial, sans-serif;\"><span style=\"font-size: medium;\">08.30 \u2013 BIERZWNIK<br \/>\n<\/span><\/span><\/strong><span style=\"font-family: Arial, sans-serif;\"><span style=\"font-size: medium;\">1). + Eugeniusz Adam Sibi\u0144ski, 1. rocz. \u015bm.;<br \/>\n<\/span><\/span><span style=\"font-family: Arial, sans-serif;\"><span style=\"font-size: medium;\">2). + Bernarda Bajan, 2. rocz. \u015bm.;<\/span><\/span><\/p>\n<p align=\"left\"><strong><span style=\"font-family: Arial, sans-serif;\"><span style=\"font-size: medium;\">10.00 &#8211; KOLSK<br \/>\n<\/span><\/span><\/strong><span style=\"font-family: Arial, sans-serif;\"><span style=\"font-size: medium;\">+ Fabian, J\u00f3zefa, Krystyna, J\u00f3zef, Renata Domalewscy;<\/span><\/span><\/p>\n<p align=\"left\"><strong><span style=\"font-family: Arial, sans-serif;\"><span style=\"font-size: medium;\">11.15 \u2013 G\u00d3RZNO<br \/>\n<\/span><\/span><\/strong><span style=\"font-family: Arial, sans-serif;\"><span style=\"font-size: medium;\">+ Kazimierz, Karolina, Bogdan, Sabina Przyby\u0142; Dorota Dolat;<\/span><\/span><\/p>\n<p align=\"left\"><strong><span style=\"font-family: Arial, sans-serif;\"><span style=\"font-size: medium;\">12.30 &#8211; BIERZWNIK<br \/>\n<\/span><\/span><\/strong><span style=\"font-family: Arial, sans-serif;\"><span style=\"font-size: medium;\">1. + Zdzis\u0142aw, 17. rocz. \u015bm., Janina Dulik;<\/span><\/span><\/p>\n","protected":false},"excerpt":{"rendered":"<div class=\"mh-excerpt\"><p>Og\u0142oszenia duszpasterskie i intencje mszalne <br \/>w XXIII Niedziel\u0119 zwyk\u0142\u0105 &#8211; 6.09.2026<\/p>\n<\/div>","protected":false},"author":1,"featured_media":1953,"comment_status":"closed","ping_status":"","sticky":false,"template":"","format":"standard","meta":{"footnotes":""},"categories":[5],"tags":[],"class_list":["post-9150","post","type-post","status-publish","format-standard","has-post-thumbnail","hentry","category-ogloszenia-parafialne"],"_links":{"self":[{"href":"https:\/\/parafiabierzwnik.pl\/index.php?rest_route=\/wp\/v2\/posts\/9150","targetHints":{"allow":["GET"]}}],"collection":[{"href":"https:\/\/parafiabierzwnik.pl\/index.php?rest_route=\/wp\/v2\/posts"}],"about":[{"href":"https:\/\/parafiabierzwnik.pl\/index.php?rest_route=\/wp\/v2\/types\/post"}],"author":[{"embeddable":true,"href":"https:\/\/parafiabierzwnik.pl\/index.php?rest_route=\/wp\/v2\/users\/1"}],"replies":[{"embeddable":true,"href":"https:\/\/parafiabierzwnik.pl\/index.php?rest_route=%2Fwp%2Fv2%2Fcomments&post=9150"}],"version-history":[{"count":5,"href":"https:\/\/parafiabierzwnik.pl\/index.php?rest_route=\/wp\/v2\/posts\/9150\/revisions"}],"predecessor-version":[{"id":9155,"href":"https:\/\/parafiabierzwnik.pl\/index.php?rest_route=\/wp\/v2\/posts\/9150\/revisions\/9155"}],"wp:featuredmedia":[{"embeddable":true,"href":"https:\/\/parafiabierzwnik.pl\/index.php?rest_route=\/wp\/v2\/media\/1953"}],"wp:attachment":[{"href":"https:\/\/parafiabierzwnik.pl\/index.php?rest_route=%2Fwp%2Fv2%2Fmedia&parent=9150"}],"wp:term":[{"taxonomy":"category","embeddable":true,"href":"https:\/\/parafiabierzwnik.pl\/index.php?rest_route=%2Fwp%2Fv2%2Fcategories&post=9150"},{"taxonomy":"post_tag","embeddable":true,"href":"https:\/\/parafiabierzwnik.pl\/index.php?rest_route=%2Fwp%2Fv2%2Ftags&post=9150"}],"curies":[{"name":"wp","href":"https:\/\/api.w.org\/{rel}","templated":true}]}}