{"id":3577,"date":"2026-08-30T12:29:00","date_gmt":"2026-08-30T10:29:00","guid":{"rendered":"https:\/\/parafiabierzwnik.pl\/?p=3577"},"modified":"2026-08-30T18:29:08","modified_gmt":"2026-08-30T16:29:08","slug":"xxii-niedziela-zwykla-30-08-2026","status":"publish","type":"post","link":"https:\/\/parafiabierzwnik.pl\/?p=3577","title":{"rendered":"XXII Niedziela zwyk\u0142a &#8211; 30.08.2026"},"content":{"rendered":"<hr \/>\n<h3 class=\"wp-block-heading has-text-align-center\" style=\"text-align: center;\">OG\u0141OSZENIA DUSZPASTERSKIE I INTENCJE MSZALNE<br \/>\nW XXII NIEDZIEL\u0118 ZWYK\u0141\u0104 \u2013 30.08.2026<\/h3>\n<hr \/>\n<ol>\n<li value=\"1\">\n<p align=\"left\"><span style=\"color: #c00000;\"><u>\u00a0<span style=\"font-family: Times New Roman, serif;\"><span style=\"font-family: Corbel, serif;\"><span style=\"font-size: medium;\"><b>W tygodniu:<\/b><\/span><\/span><\/span><\/u><\/span><\/p>\n<\/li>\n<\/ol>\n<ul>\n<li style=\"list-style-type: none;\">\n<ul>\n<li>\n<p align=\"left\"><span style=\"font-family: Times New Roman, serif;\"><span style=\"color: #c00000;\"><span style=\"font-family: Corbel, serif;\"><span style=\"font-size: medium;\"><b>Wtorek<\/b><\/span><\/span><\/span><span style=\"font-family: Corbel, serif;\"><span style=\"font-size: medium;\"><b> \u2013 01 wrze\u015bnia, 87. rocznica wybuchu II wojny \u015bwiatowej oraz dzie\u0144 modlitw w intencji ofiar II wojny \u015bwiatowej.<\/b><\/span><\/span><\/span><\/p>\n<\/li>\n<\/ul>\n<\/li>\n<\/ul>\n<ul>\n<li style=\"list-style-type: none;\">\n<ul>\n<li>\n<p align=\"left\"><span style=\"font-family: Times New Roman, serif;\"><span style=\"color: #c00000;\"><span style=\"font-family: Corbel, serif;\"><span style=\"font-size: medium;\"><b>\u015aroda<\/b><\/span><\/span><\/span><b> <\/b><span style=\"color: #c00000;\"><span style=\"font-family: Corbel, serif;\"><span style=\"font-size: medium;\"><b>\u2013 <\/b><\/span><\/span><\/span><span style=\"font-family: Corbel, serif;\"><span style=\"font-size: medium;\"><b>02 wrze\u015bnia, o godz. 17.45 nowenna do Matki Bo\u017cej Nieustaj\u0105cej Pomocy.<\/b><\/span><\/span><\/span><\/p>\n<\/li>\n<\/ul>\n<\/li>\n<\/ul>\n<ul>\n<li style=\"list-style-type: none;\">\n<ul>\n<li>\n<p align=\"left\"><span style=\"font-family: Times New Roman, serif;\"><span style=\"color: #c00000;\"><span style=\"font-family: Corbel, serif;\"><span style=\"font-size: medium;\"><b>Czwartek<\/b><\/span><\/span><\/span><span style=\"font-family: Corbel, serif;\"><span style=\"font-size: medium;\"><b> \u2013 03 wrze\u015bnia, <\/b><\/span><\/span><span style=\"color: #c00000;\"><span style=\"font-family: Corbel, serif;\"><span style=\"font-size: medium;\"><b>I czwartek miesi\u0105ca.<br \/>\n<\/b><\/span><\/span><\/span><span style=\"font-family: Corbel, serif;\"><span style=\"font-size: medium;\"><b>Od godz. 17.15 adoracja w intencji powo\u0142a\u0144 kap\u0142a\u0144skich, zakonnych i misyjnych.<\/b><\/span><\/span><\/span><\/p>\n<\/li>\n<\/ul>\n<\/li>\n<\/ul>\n<ul>\n<li style=\"list-style-type: none;\">\n<ul>\n<li>\n<p align=\"left\"><span style=\"font-family: Times New Roman, serif;\"><span style=\"color: #c00000;\"><span style=\"font-family: Corbel, serif;\"><span style=\"font-size: medium;\"><b>Pi\u0105tek<\/b><\/span><\/span><\/span><span style=\"font-family: Corbel, serif;\"><span style=\"font-size: medium;\"><b> \u2013 04 wrze\u015bnia, <\/b><\/span><\/span><span style=\"color: #c00000;\"><span style=\"font-family: Corbel, serif;\"><span style=\"font-size: medium;\"><b>I pi\u0105tek miesi\u0105ca<\/b><\/span><\/span><\/span><span style=\"font-family: Corbel, serif;\"><span style=\"font-size: medium;\"><b>.<br \/>\nOd godz. 09.00 odwiedziny chorych i starszych z Komuni\u0105 \u015bw.<br \/>\nOd godz. 17.15 adoracja, modlitwa r\u00f3\u017ca\u0144cowa R\u00f3\u017cy \u015bw. Rity, okazja do spowiedzi, nabo\u017ce\u0144stwo pierwszopi\u0105tkowe.<br \/>\n<\/b><\/span><\/span><span style=\"color: #c00000;\"><span style=\"font-family: Corbel, serif;\"><span style=\"font-size: medium;\"><b>Po Mszy \u015bw. spotkanie organizacyjne z rodzicami i dzie\u0107mi, kt\u00f3re w tym roku b\u0119d\u0105 przygotowywa\u0142y si\u0119 do I Spowiedzi i Komunii \u015bw.<br \/>\n<\/b><\/span><\/span><\/span><span style=\"font-family: Corbel, serif;\"><span style=\"font-size: medium;\"><b>W Kolsku Msza \u015bw. o godz. 10.00.<\/b><\/span><\/span><\/span><\/p>\n<\/li>\n<\/ul>\n<\/li>\n<\/ul>\n<ul>\n<li style=\"list-style-type: none;\">\n<ul>\n<li>\n<p align=\"left\"><span style=\"font-family: Times New Roman, serif;\"><span style=\"color: #c00000;\"><span style=\"font-family: Corbel, serif;\"><span style=\"font-size: medium;\"><b>Sobota <\/b><\/span><\/span><\/span><span style=\"font-family: Corbel, serif;\"><span style=\"font-size: medium;\"><b>\u2013 05 sierpnia, <\/b><\/span><\/span><span style=\"color: #0070c0;\"><span style=\"font-family: Corbel, serif;\"><span style=\"font-size: medium;\"><b>I sobota miesi\u0105ca<\/b><\/span><\/span><\/span><span style=\"font-family: Corbel, serif;\"><span style=\"font-size: medium;\"><b>, o godz. 08.30 M\u0119ski R\u00f3\u017caniec.<\/b><\/span><\/span><\/span><\/p>\n<\/li>\n<\/ul>\n<\/li>\n<\/ul>\n<ul>\n<li style=\"list-style-type: none;\">\n<ul>\n<li>\n<p align=\"left\"><span style=\"font-family: Times New Roman, serif;\"><span style=\"color: #c00000;\"><span style=\"font-family: Corbel, serif;\"><span style=\"font-size: medium;\"><b>Niedziela <\/b><\/span><\/span><\/span><span style=\"font-family: Corbel, serif;\"><span style=\"font-size: medium;\">\u2013 <\/span><\/span><span style=\"font-family: Corbel, serif;\"><span style=\"font-size: medium;\"><b>06 wrze\u015bnia,<br \/>\nMsza \u015bw. o godz. 12.30 na rozpocz\u0119cie roku szkolnego i katechetycznego.<br \/>\nZapraszam dzieci, m\u0142odzie\u017c, rodzic\u00f3w, dyrekcj\u0119, wychowawc\u00f3w, nauczycieli i pracownik\u00f3w administracji Zespo\u0142u Szkolno \u2013 Przedszkolnego im. Dziedzictwa Cysters\u00f3w Bierzwnickich.<br \/>\nB\u0119dziemy prosili o b\u0142ogos\u0142awie\u0144stwo na trud pracy i nauki w nowym roku szkolnym oraz po\u015bwiec\u0119 tornistry i przybory szkolne.<\/b><\/span><\/span><\/span><\/p>\n<\/li>\n<\/ul>\n<\/li>\n<\/ul>\n<ol start=\"2\">\n<li>\n<p align=\"left\"><span style=\"font-family: Times New Roman, serif;\"><span style=\"font-family: Corbel, serif;\"><span style=\"font-size: medium;\"><b>Wszystkie miejsca na pielgrzymk\u0119 autokarow\u0105 14 \u2013 15 wrze\u015bnia 2026 r. do: Gietrzwa\u0142du, \u015awi\u0119tej Lipki, Stoczka Klasztornego, Torunia, G\u00f3rki Klasztornej s\u0105 zaj\u0119te.<\/b><\/span><\/span><\/span><\/p>\n<\/li>\n<\/ol>\n<ol start=\"3\">\n<li>\n<p align=\"left\"><span style=\"font-family: Times New Roman, serif;\"><span style=\"font-family: Corbel, serif;\"><span style=\"font-size: medium;\"><b>Zapraszam ch\u0142opc\u00f3w, m\u0142odzie\u017c a nawet starszych pan\u00f3w, kt\u00f3rzy byli ministrantami do s\u0142u\u017cby liturgicznej przy o\u0142tarzu. <\/b><\/span><\/span><\/span><\/p>\n<\/li>\n<\/ol>\n<ol start=\"4\">\n<li>\n<p align=\"left\"><span style=\"font-family: Times New Roman, serif;\"><span style=\"font-family: Corbel, serif;\"><span style=\"font-size: medium;\"><b>Do sakramentu ma\u0142\u017ce\u0144stwa przygotowuj\u0105 si\u0119:<\/b><\/span><\/span><span style=\"font-family: Corbel, serif;\"><span style=\"font-size: medium;\"><br \/>\n<\/span><\/span><span style=\"font-family: Corbel, serif;\"><span style=\"font-size: medium;\"><b>Mariusz Maryniak<\/b><\/span><\/span><span style=\"font-family: Corbel, serif;\"><span style=\"font-size: medium;\">, stan wolny i <\/span><\/span><span style=\"font-family: Corbel, serif;\"><span style=\"font-size: medium;\"><b>Alicja Szczerbicka<\/b><\/span><\/span><span style=\"font-family: Corbel, serif;\"><span style=\"font-size: medium;\">, stan wolny, parafia tutejsza. <\/span><\/span><span style=\"font-family: Corbel, serif;\"><span style=\"font-size: medium;\"><b>Zapowied\u017a druga.<\/b><\/span><\/span><span style=\"font-family: Corbel, serif;\"><span style=\"font-size: medium;\"><br \/>\nKtokolwiek zna\u0142by przeszkod\u0119 uniemo\u017cliwiaj\u0105c\u0105 zawarcie ma\u0142\u017ce\u0144stwa ww. os\u00f3b zobowi\u0105zany jest powiadomi\u0107 o tym w biurze parafialnym.<\/span><\/span><\/span><\/p>\n<\/li>\n<\/ol>\n<ol start=\"5\">\n<li>\n<p align=\"left\"><span style=\"font-family: Times New Roman, serif;\"><span style=\"font-family: Corbel, serif;\"><span style=\"font-size: medium;\"><b>Dzi\u0119kuj\u0119 Rodzinom wiadomym Panu Bogu za ofiar\u0119 1300 z\u0142 na ko\u015bci\u00f3\u0142.<\/b><\/span><\/span><\/span><\/p>\n<\/li>\n<\/ol>\n<ol start=\"6\">\n<li>\n<p align=\"left\"><span style=\"font-family: Times New Roman, serif;\"><span style=\"font-family: Corbel, serif;\"><span style=\"font-size: medium;\">Wszystkim jubilatom i\u00a0solenizantom tego tygodnia \u017cycz\u0119 wielu Bo\u017cych \u0142ask i opieki Matki Szkaplerznej.<br \/>\nWszystkim Parafianom i Go\u015bciom \u017cycz\u0119 b\u0142ogos\u0142awionego tygodnia. <\/span><\/span><\/span><\/p>\n<\/li>\n<\/ol>\n<p class=\"wp-block-heading has-text-align-center\" style=\"text-align: right;\">ks. kan. S\u0142awomir Mazurkiewicz \u2013 proboszcz<\/p>\n<hr \/>\n<h3 class=\"wp-block-heading has-text-align-center\" style=\"text-align: center;\">INTENCJE MSZALNE<br \/>\n30.08.2026 \u2013 6.09.2026<\/h3>\n<hr \/>\n<h3>NIEDZIELA \u2013 30. 08. 2026 r.<\/h3>\n<p><span style=\"font-size: medium;\"><strong>08.30 &#8211; BIERZWNIK<\/strong><br \/>\n<\/span><span style=\"font-size: medium;\">&#8211; O b\u0142og. Bo\u017ce, opiek\u0119 Matki Bo\u017cej dla Emilii Korolkow z okazji 18. rocz. urodzin;<\/span><\/p>\n<p><span style=\"font-size: medium;\"><strong>10.00 \u2013 KOLSK<\/strong><br \/>\n<\/span><span style=\"font-size: medium;\">+ Irena Witkowska \u2013 int. od c\u00f3rki Marioli z rodzin\u0105;<\/span><\/p>\n<p><span style=\"font-size: medium;\"><strong>11.15 &#8211; G\u00d3RZNO<\/strong><br \/>\n<\/span><span style=\"font-size: medium;\">&#8211; O b\u0142og. Bo\u017ce i zdrowie dla Marcina Przyby\u0142;<\/span><\/p>\n<p><span style=\"font-size: medium;\"><strong>12.30 \u2013 BIERZWNIK<\/strong><br \/>\n<\/span><span style=\"font-size: medium;\">+ Iwona, 10. rocz. \u015bm., Jolanta, Janusz Szerwi\u0144scy i za zmar\u0142ych dziadk\u00f3w;<\/span><\/p>\n<h3>PONIEDZIA\u0141EK \u2013 31. 08. 2026 r.<\/h3>\n<p><span style=\"font-size: medium;\"><strong>18.00 \u2013 BIERZWNIK<\/strong><br \/>\n<\/span><span style=\"font-size: medium;\">+ Anna Pietkiewicz \u2013 int. od uczest. pogrzebu;<\/span><\/p>\n<h3>WTOREK \u2013 01. 09. 2026 r.<\/h3>\n<p><span style=\"font-size: medium;\"><strong>18.00 &#8211; BIERZWNIK<\/strong><br \/>\n<\/span><span style=\"font-size: medium;\">+ Gra\u017cyna Kaszuba, 6. rocz. \u015bm.;<\/span><\/p>\n<h3>\u015aRODA \u2013 02. 09. 2026 r.<\/h3>\n<p><span style=\"font-size: medium;\"><strong>10.00 \u2013 KOLSK DPS<\/strong><br \/>\n<\/span><span style=\"font-size: medium;\">&#8211; W pewnej intencji; <\/span><\/p>\n<p><span style=\"font-size: medium;\"><strong>18.00 &#8211; BIERZWNIK<\/strong><br \/>\n<\/span><span style=\"font-size: medium;\">+ Izabela \u0141uczak z okazji imienin \u2013 int. od przyjaci\u00f3\u0142;<\/span><\/p>\n<h3>CZWARTEK \u2013 03. 09. 2026 r.<\/h3>\n<p><span style=\"font-size: medium;\"><strong>18.00 &#8211; BIERZWNIK<\/strong><br \/>\n<\/span><span style=\"font-size: medium;\">&#8211; O b\u0142og. Bo\u017ce dla Oli i Rafa\u0142a;<\/span><\/p>\n<h3>PI\u0104TEK \u2013 04. 09. 2026 r.<\/h3>\n<p><strong><span style=\"font-size: medium;\">10.00 &#8211; KOLSK<br \/>\n<\/span><\/strong><span style=\"font-size: medium;\">+ Anna Wojta\u0142owicz;<\/span><\/p>\n<p><span style=\"font-size: medium;\"><strong>18.00 &#8211; BIERZWNIK<\/strong><br \/>\n<\/span><span style=\"font-size: medium;\">&#8211; W intencjach R\u00f3\u017cy \u015bw. Rity oraz o b\u0142og. Bo\u017ce, opiek\u0119 Matki Bo\u017cej i zdrowie dla Grzegorza Szerwi\u0144skiego z okazji 70. rocz. ur. \u2013 int. od c\u00f3rek;<\/span><\/p>\n<h3>SOBOTA \u2013 05. 09. 2026 r.<\/h3>\n<p><span style=\"font-size: medium;\"><strong>09.00 \u2013 BIERZWNIK<\/strong><br \/>\n<\/span><span style=\"font-size: medium;\">+ Jan Soroczy\u0144ski, 4. rocz. \u015bm. \u2013 int. od \u017cony z dzie\u0107mi;<\/span><\/p>\n<h3>NIEDZIELA \u2013 06. 09. 2026 r.<\/h3>\n<p><span style=\"font-size: medium;\"><strong>08.30 \u2013 BIERZWNIK<\/strong><br \/>\n<\/span><span style=\"font-size: medium;\">+ Stanis\u0142awa, Sylwester Urma\u0144scy i pozostali zmarli z rodziny \u2013 int. od Syna z \u017con\u0105 i dzie\u0107mi;<\/span><\/p>\n<p><span style=\"font-size: medium;\"><strong>10.00 &#8211; KOLSK<\/strong><br \/>\n<\/span><span style=\"font-size: medium;\">+ Helena, 1. rocz. \u015bm., Stanis\u0142aw Biesiada;<\/span><\/p>\n<p><span style=\"font-size: medium;\"><strong>11.15 \u2013 G\u00d3RZNO<\/strong><br \/>\n<\/span><span style=\"font-size: medium;\">+ Jan Dorocki; Jan, Stanis\u0142awa, Tadeusz Emilianowicz; Ewa, Jan, \u0141ukasz Pietrzak;<\/span><\/p>\n<p><span style=\"font-size: medium;\"><strong>12.30 &#8211; BIERZWNIK<\/strong><br \/>\n<\/span><span style=\"font-size: medium;\">&#8211; W intencjach \u017bywego R\u00f3\u017ca\u0144ca oraz b\u0142ogos\u0142awie\u0144stwo Bo\u017ce dla dzieci, m\u0142odzie\u017cy, rodzic\u00f3w, dyrekcji, nauczycieli, pracownik\u00f3w administracji na nowy rok szkolny;<\/span><\/p>\n","protected":false},"excerpt":{"rendered":"<div class=\"mh-excerpt\"><p>Og\u0142oszenia duszpasterskie i intencje mszalne <br \/>w XXII Niedziel\u0119 zwyk\u0142\u0105 &#8211; 30.08.2026<\/p>\n<\/div>","protected":false},"author":1,"featured_media":3487,"comment_status":"closed","ping_status":"open","sticky":false,"template":"","format":"standard","meta":{"footnotes":""},"categories":[2],"tags":[],"post_folder":[6],"class_list":["post-3577","post","type-post","status-publish","format-standard","has-post-thumbnail","hentry","category-ogloszenia-duszpasterskie"],"_links":{"self":[{"href":"https:\/\/parafiabierzwnik.pl\/index.php?rest_route=\/wp\/v2\/posts\/3577","targetHints":{"allow":["GET"]}}],"collection":[{"href":"https:\/\/parafiabierzwnik.pl\/index.php?rest_route=\/wp\/v2\/posts"}],"about":[{"href":"https:\/\/parafiabierzwnik.pl\/index.php?rest_route=\/wp\/v2\/types\/post"}],"author":[{"embeddable":true,"href":"https:\/\/parafiabierzwnik.pl\/index.php?rest_route=\/wp\/v2\/users\/1"}],"replies":[{"embeddable":true,"href":"https:\/\/parafiabierzwnik.pl\/index.php?rest_route=%2Fwp%2Fv2%2Fcomments&post=3577"}],"version-history":[{"count":16,"href":"https:\/\/parafiabierzwnik.pl\/index.php?rest_route=\/wp\/v2\/posts\/3577\/revisions"}],"predecessor-version":[{"id":3745,"href":"https:\/\/parafiabierzwnik.pl\/index.php?rest_route=\/wp\/v2\/posts\/3577\/revisions\/3745"}],"wp:featuredmedia":[{"embeddable":true,"href":"https:\/\/parafiabierzwnik.pl\/index.php?rest_route=\/wp\/v2\/media\/3487"}],"wp:attachment":[{"href":"https:\/\/parafiabierzwnik.pl\/index.php?rest_route=%2Fwp%2Fv2%2Fmedia&parent=3577"}],"wp:term":[{"taxonomy":"category","embeddable":true,"href":"https:\/\/parafiabierzwnik.pl\/index.php?rest_route=%2Fwp%2Fv2%2Fcategories&post=3577"},{"taxonomy":"post_tag","embeddable":true,"href":"https:\/\/parafiabierzwnik.pl\/index.php?rest_route=%2Fwp%2Fv2%2Ftags&post=3577"},{"taxonomy":"post_folder","embeddable":true,"href":"https:\/\/parafiabierzwnik.pl\/index.php?rest_route=%2Fwp%2Fv2%2Fpost_folder&post=3577"}],"curies":[{"name":"wp","href":"https:\/\/api.w.org\/{rel}","templated":true}]}}