{"id":318,"date":"2026-07-12T13:00:00","date_gmt":"2026-07-12T11:00:00","guid":{"rendered":"https:\/\/parafiabierzwnik.pl\/?p=318"},"modified":"2026-08-17T11:26:29","modified_gmt":"2026-08-17T09:26:29","slug":"xv-niedziela-zwykla-12-07-2026","status":"publish","type":"post","link":"https:\/\/parafiabierzwnik.pl\/?p=318","title":{"rendered":"XV Niedziela zwyk\u0142a &#8211; 12.07.2026"},"content":{"rendered":"\n<p>\u00a0<\/p>\n<hr \/>\n<h3 style=\"text-align: center;\"><span style=\"font-family: tahoma, arial, helvetica, sans-serif;\">OG\u0141OSZENIA DUSZPASTERSKIE I INTENCJE MSZALNE<\/span><br \/><span style=\"font-family: tahoma, arial, helvetica, sans-serif;\">W XV NIEDZIEL\u0118 ZWYK\u0141\u0104 &#8211; 12.07.2026<\/span><\/h3>\n<hr \/>\n<p align=\"left\"><span style=\"font-family: tahoma, arial, helvetica, sans-serif;\"><span style=\"font-size: medium;\">1. <\/span><span style=\"font-size: medium;\"><b>Dzisiaj II niedziela miesi\u0105ca; po Mszy \u015bw. zbierane b\u0119d\u0105 ofiary na kwiaty, jak r\u00f3wnie\u017c na pielgrzym\u00f3w Szczeci\u0144skiej Pieszej Pielgrzymki na Jasn\u0105 G\u00f3r\u0119, kt\u00f3rych b\u0119dziemy podejmowa\u0107 z 31.07 na 01.08 noclegiem i wy\u017cywieniem.<\/b><\/span><\/span><\/p>\n<p align=\"left\"><span style=\"font-family: tahoma, arial, helvetica, sans-serif;\"><span style=\"font-size: medium;\">2. <\/span><span style=\"color: #c00000;\"><span style=\"font-size: medium;\"><b>Po Mszy \u015bw. o godz. 12.30 Zesp\u00f3\u0142 Muzyki Dawnej <em>Ars Antiqua<\/em> zaprasza na Koncert z okazji 35-lecia pod dyrekcj\u0105 Pana Adama Deneki.<\/b><\/span><\/span><\/span><\/p>\n<p align=\"left\"><span style=\"font-family: tahoma, arial, helvetica, sans-serif;\"><span style=\"font-size: medium;\">3.<\/span><u><\/u><span style=\"color: #c00000;\"><span style=\"font-size: medium;\"><u><b>\u00a0W tygodniu:<\/b><\/u><\/span><\/span><\/span><\/p>\n<ul>\n<li>\n<p align=\"left\"><span style=\"font-family: tahoma, arial, helvetica, sans-serif;\"><span style=\"color: #c00000;\"><span style=\"font-size: medium;\"><b>Poniedzia\u0142ek<\/b><\/span><\/span><span style=\"color: #080809;\"><span style=\"font-size: medium;\"> \u2013 13 lipca, <\/span><\/span><span style=\"color: #0070c0;\"><span style=\"font-size: medium;\"><b>Dzie\u0144 Fatimski.<\/b><\/span><\/span><span style=\"font-size: medium;\"> O godz. 17.20 modlitwa r\u00f3\u017ca\u0144cowa i okazja do spowiedzi, o godz. 18.00 Msza \u015bw. z kazaniem, kt\u00f3re wyg\u0142osi o. Andrzej Makowski z Zakonu Ojc\u00f3w Kapucyn\u00f3w z Gorzowa Wlkp., po Eucharystii procesja fatimska. <br \/>O dekoracj\u0119 kwiatow\u0105 do Matki Bo\u017cej Fatimskiej i niesienie figurki podczas procesji prosz\u0119 parafian z Jagliska.<\/span><\/span><\/p>\n<\/li>\n<\/ul>\n<ul>\n<li>\n<p align=\"left\"><span style=\"font-family: tahoma, arial, helvetica, sans-serif;\"><span style=\"color: #c00000;\"><span style=\"font-size: medium;\"><b>\u015aroda<\/b><\/span><\/span><b> <\/b><span style=\"color: #c00000;\"><span style=\"font-size: medium;\"><b>\u2013 <\/b><\/span><\/span><span style=\"font-size: medium;\"><b>15 lipca, o godz. 17.45 nowenna do Matki Bo\u017cej Niestaj\u0105cej Pomocy.<\/b><\/span><\/span><\/p>\n<\/li>\n<\/ul>\n<ul>\n<li>\n<p align=\"left\"><span style=\"font-family: tahoma, arial, helvetica, sans-serif;\"><span style=\"color: #c00000;\"><span style=\"font-size: medium;\"><b>Czwartek \u2013 <\/b><\/span><\/span><span style=\"font-size: medium;\"><b>16 lipca, <\/b><\/span><span style=\"color: #0070c0;\"><span style=\"font-size: medium;\"><b>uroczysto\u015bci odpustowe ku czci Matki Bo\u017cej Szkaplerznej.<\/b><\/span><\/span><\/span><\/p>\n<\/li>\n<\/ul>\n<p style=\"padding-left: 40px;\" align=\"left\"><span style=\"font-family: tahoma, arial, helvetica, sans-serif;\"><span style=\"color: #0070c0;\"><span style=\"font-size: medium;\"><b>O godz. 18.00 Msza \u015bw. odpustowa, kt\u00f3rej przewodniczy\u0107 b\u0119dzie i kazanie wyg\u0142osi ks. Maciej Szmuc, Dyrektor Caritas Archidiecezji Szczeci\u0144sko \u2013 Kamie\u0144skiej. <br \/>Msz\u0119 \u015bw. muzycznie b\u0119dzie wspomaga\u0142 Zesp\u00f3\u0142 Muzyki Dawnej \u201e<em>Anime Cantanti<\/em>\u201d oraz go\u015bcinnie Anna Maria Kalka. <br \/>O 17.15 wystawienie Naj\u015bwi\u0119tszego Sakramentu, adoracja i litania do Matki Bo\u017cej z G\u00f3ry Karmel.<br \/><\/b><\/span><\/span><span style=\"color: #c00000;\"><span style=\"font-size: medium;\"><b>Po Eucharystii Festyn Parafialny przy ko\u015bciele i dzwonnicy. <br \/>Stoiska gastronomiczne (zupa, bigos, domowe wypieki, pajda chleba ze smalcem, napoje). <br \/>Atrakcj\u0105 uroczysto\u015bci odpustowych b\u0119dzie koncert Krzysztofa Antkowiaka, polskiego piosenkarza, <br \/>kompozytora, autora tekst\u00f3w piosenek. <br \/><\/b><\/span><\/span><span style=\"font-size: medium;\">Ch\u0119tne Panie bardzo prosz\u0119 o upieczenie ciast. <br \/>Zapraszam Parafian i Go\u015bci do licznego udzia\u0142u w uroczysto\u015bciach odpustowych. <br \/><\/span><span style=\"color: #0070c0;\"><span style=\"font-size: medium;\"><b>Podczas Mszy \u015bw. b\u0119dzie mo\u017cliwo\u015b\u0107 przyj\u0119cia szkaplerza NMP z G\u00f3ry Karmel.<\/b><\/span><\/span><b> <br \/><\/b><span style=\"color: #0070c0;\"><span style=\"font-size: medium;\"><b>Osoby zainteresowane przyj\u0119ciem szkaplerza prosz\u0119 o zg\u0142oszenie przed Msz\u0105 \u015bw.<\/b><\/span><\/span><\/span><\/p>\n<p align=\"left\"><span style=\"font-family: tahoma, arial, helvetica, sans-serif;\"><span style=\"font-size: medium;\">4. <\/span><span style=\"font-size: medium;\">Rodzinom wiadomym Panu Bogu dzi\u0119kuj\u0119 za 1100 z\u0142 na ko\u015bci\u00f3\u0142. <br \/>Annie i Tomaszowi Dulik dzi\u0119kuj\u0119 za obrusy o\u0142tarzowe i dwa komplety bielizny kielichowej.<\/span><\/span><\/p>\n<p align=\"left\"><span style=\"font-family: tahoma, arial, helvetica, sans-serif;\"><span style=\"font-size: medium;\"><b>5. <\/b><\/span><span style=\"font-size: medium;\"><b>W tym tygodniu b\u0119dzie rozpocz\u0119cie odrestaurowania zakrystii, gdy\u017c stan istniej\u0105cego stropu nale\u017cny okre\u015bli\u0107 obecnie jako awaryjny\u00a0z bezpo\u015brednim zagro\u017ceniem katastrof\u0105 budowlan\u0105. <br \/>Zakrystia b\u0119dzie odtworzona z pierwotnym sklepieniem krzy\u017cowo \u017cebrowym z filarem podtrzymuj\u0105cym strop.<\/b><\/span><\/span><\/p>\n<p align=\"left\"><span style=\"font-family: tahoma, arial, helvetica, sans-serif;\"><span style=\"font-size: medium;\">6. <\/span><span style=\"font-size: medium;\">W dniach 14 \u2013 15 wrze\u015bnia organizowana jest pielgrzymka do: Gietrzwa\u0142du, \u015awi\u0119tej Lipki, Stoczka Klasztornego, Torunia, G\u00f3rki Klasztornej. <br \/>Koszt: przejazd, nocleg, obiadokolacja, \u015bniadanie, ubezpieczenie 420 z\u0142.<\/span><\/span><\/p>\n<p align=\"left\"><span style=\"font-family: tahoma, arial, helvetica, sans-serif;\"><span style=\"font-size: medium;\">7. <\/span><span style=\"font-size: medium;\">Wszystkim jubilatom i\u00a0solenizantom tego tygodnia \u017cycz\u0119 wielu Bo\u017cych \u0142ask i opieki Matki Bo\u017cej Szkaplerznej. <br \/>\u017bycz\u0119 wszystkim Parafianom o Go\u015bciom wielu \u0142ask Bo\u017cych, dobrej niedzieli, pomy\u015blnego tygodnia i bezpiecznych wakacji i urlop\u00f3w, prze\u017cywanych z Panem Bogiem.<\/span><\/span><\/p>\n<p align=\"right\"><span style=\"font-family: tahoma, arial, helvetica, sans-serif;\">ks. kan. S\u0142awomir Mazurkiewicz \u2013 proboszcz<\/span><\/p>\n<hr \/>\n<h3 style=\"text-align: center;\"><span style=\"font-family: tahoma, arial, helvetica, sans-serif;\">INTENCJE MSZALNE<\/span><br \/><span style=\"font-family: tahoma, arial, helvetica, sans-serif;\">12.07.2026 &#8211; 19.07.2026<\/span><\/h3>\n<hr \/>\n<h3><span style=\"font-family: tahoma, arial, helvetica, sans-serif;\">NIEDZIELA \u2013 12. 07. 2026 r.<\/span><\/h3>\n<p><span style=\"font-family: tahoma, arial, helvetica, sans-serif;\"><strong><span style=\"font-size: 12pt;\">08.30 &#8211; BIERZWNIK<\/span><\/strong><\/span><br \/><span style=\"font-size: 12pt; font-family: tahoma, arial, helvetica, sans-serif;\">+ Tomasz Sibi\u0144ski i wszystkich zmar\u0142ych z rodziny Sibi\u0144skich;<\/span><\/p>\n<p><span style=\"font-family: tahoma, arial, helvetica, sans-serif;\"><span style=\"font-size: 12pt;\"><strong>10.00 \u2013 KOLSK<\/strong><br \/><\/span><span style=\"font-size: 12pt;\">+ Krystyna Szpa\u0142ek, 4. rocz. \u015bm.;<\/span><\/span><\/p>\n<p><span style=\"font-family: tahoma, arial, helvetica, sans-serif;\"><strong><span style=\"font-size: 12pt;\">11.15 &#8211; G\u00d3RZNO<\/span><\/strong><\/span><br \/><span style=\"font-size: 12pt; font-family: tahoma, arial, helvetica, sans-serif;\">&#8211; O b\u0142og. Bo\u017ce, opiek\u0119 Matki Bo\u017cej w 40. rocz. \u015blubu Bogus\u0142awy i Marka Rami\u0105czek;<\/span><\/p>\n<p><span style=\"font-family: tahoma, arial, helvetica, sans-serif;\"><strong><span style=\"font-size: 12pt;\">12.30 \u2013 BIERZWNIK<\/span><\/strong><\/span><br \/><span style=\"font-size: 12pt; font-family: tahoma, arial, helvetica, sans-serif;\">+ Andrzej, 2. rocz. \u015bm., Feliks. Krystyna Sikorscy;<\/span><\/p>\n<h3><span style=\"font-family: tahoma, arial, helvetica, sans-serif;\">PONIEDZIA\u0141EK \u2013 13. 07. 2026 r.<\/span><\/h3>\n<p><span style=\"font-family: tahoma, arial, helvetica, sans-serif;\"><strong><span style=\"font-size: 12pt;\">18.00 \u2013 BIERZWNIK<\/span><\/strong><\/span><br \/><span style=\"font-size: 12pt; font-family: tahoma, arial, helvetica, sans-serif;\">1). &#8211; O b\u0142og. Bo\u017ce, opiek\u0119 Matki Bo\u017cej dla Natalii Saran z okazji 13. urodzin oraz Ma\u0142gorzaty z okazji imienin i Marka Saran;<\/span><br \/><span style=\"font-size: 12pt; font-family: tahoma, arial, helvetica, sans-serif;\">2). + Barbara Domaga\u0142a \u2013 int. od uczest. pogrzebu;<\/span><\/p>\n<h3><span style=\"font-family: tahoma, arial, helvetica, sans-serif;\">WTOREK \u2013 14. 07. 2026 r.<\/span><\/h3>\n<p><span style=\"font-family: tahoma, arial, helvetica, sans-serif;\"><strong><span style=\"font-size: 12pt;\">18.00 &#8211; BIERZWNIK<\/span><\/strong><\/span><br \/><span style=\"font-size: 12pt; font-family: tahoma, arial, helvetica, sans-serif;\">&#8211; O b\u0142og. Bo\u017ce, opiek\u0119 Matki Bo\u017cej i zdrowie dla Czes\u0142awy Szymoniak z okazji 80. urodzin;<\/span><\/p>\n<h3><span style=\"font-family: tahoma, arial, helvetica, sans-serif;\">\u015aRODA \u2013 15. 07. 2026 r.<\/span><\/h3>\n<p><span style=\"font-family: tahoma, arial, helvetica, sans-serif;\"><strong><span style=\"font-size: 12pt;\">10.00 \u2013 KOLSK DPS<\/span><\/strong><\/span><br \/><span style=\"font-size: 12pt; font-family: tahoma, arial, helvetica, sans-serif;\">&#8211; W pewnej intencji; <\/span><\/p>\n<p><span style=\"font-family: tahoma, arial, helvetica, sans-serif;\"><strong><span style=\"font-size: 12pt;\">18.00 &#8211; BIERZWNIK<\/span><\/strong><\/span><br \/><span style=\"font-size: 12pt; font-family: tahoma, arial, helvetica, sans-serif;\">+ Franciszek, 16. rocz. \u015bm., Helena Szostak;<\/span><\/p>\n<h3><span style=\"font-family: tahoma, arial, helvetica, sans-serif;\">CZWARTEK \u2013 16. 07. 2026 r.<\/span><\/h3>\n<p><span style=\"font-family: tahoma, arial, helvetica, sans-serif;\"><strong><span style=\"font-size: 12pt;\">18.00 &#8211; BIERZWNIK<\/span><\/strong><\/span><br \/><span style=\"font-size: 12pt; font-family: tahoma, arial, helvetica, sans-serif;\">1). \u2013 W intencji Parafian i Go\u015bci;<\/span><br \/><span style=\"font-size: 12pt; font-family: tahoma, arial, helvetica, sans-serif;\">2). + Za zmar\u0142ych z rodzin: Wojtkiewicz, Romanowskich i z pozosta\u0142ych rodzin;<\/span><br \/><span style=\"font-size: 12pt; font-family: tahoma, arial, helvetica, sans-serif;\">3). + Renata Janczarska<\/span><\/p>\n<h3><span style=\"font-family: tahoma, arial, helvetica, sans-serif;\">PI\u0104TEK \u2013 17. 07. 2026 r.<\/span><\/h3>\n<p><span style=\"font-family: tahoma, arial, helvetica, sans-serif;\"><strong><span style=\"font-size: 12pt;\">18.00 &#8211; BIERZWNIK<\/span><\/strong><\/span><br \/><span style=\"font-size: 12pt; font-family: tahoma, arial, helvetica, sans-serif;\">+ Czes\u0142aw Soba\u0144ski z okazji ziemskich urodzin;<\/span><\/p>\n<h3><span style=\"font-family: tahoma, arial, helvetica, sans-serif;\">SOBOTA \u2013 18. 07. 2026 r.<\/span><\/h3>\n<p><span style=\"font-family: tahoma, arial, helvetica, sans-serif;\"><strong><span style=\"font-size: 12pt;\">09.00 \u2013 BIERZWNIK<\/span><\/strong><\/span><br \/><span style=\"font-size: 12pt; font-family: tahoma, arial, helvetica, sans-serif;\">+ Maria, Ryszard, Lucjan, Maria, Marzena, Stanis\u0142aw, Waldemar Wypych;<\/span><\/p>\n<p><span style=\"font-family: tahoma, arial, helvetica, sans-serif;\"><strong><span style=\"font-size: 12pt;\">14.00 \u2013 BIERZWNIK<\/span><\/strong><\/span><br \/><span style=\"font-size: 12pt; font-family: tahoma, arial, helvetica, sans-serif;\">&#8211; Chrzest: Tymon Dulik;<\/span><\/p>\n<h3><span style=\"font-family: tahoma, arial, helvetica, sans-serif;\">NIEDZIELA \u2013 19. 07. 2026 r.<\/span><\/h3>\n<p><span style=\"font-family: tahoma, arial, helvetica, sans-serif;\"><strong><span style=\"font-size: 12pt;\">08.30 \u2013 BIERZWNIK<\/span><\/strong><\/span><br \/><span style=\"font-size: 12pt; font-family: tahoma, arial, helvetica, sans-serif;\">+ Maria, 42. rocz. \u015bm., J\u00f3zef Kurtiak;<\/span><\/p>\n<p><span style=\"font-family: tahoma, arial, helvetica, sans-serif;\"><strong><span style=\"font-size: 12pt;\">10.00 &#8211; KOLSK<\/span><\/strong><\/span><br \/><span style=\"font-size: 12pt; font-family: tahoma, arial, helvetica, sans-serif;\">+ Krystyna Szpa\u0142ek \u2013 int. od kole\u017canki;<\/span><\/p>\n<p><span style=\"font-family: tahoma, arial, helvetica, sans-serif;\"><strong><span style=\"font-size: 12pt;\">11.15 \u2013 G\u00d3RZNO<\/span><\/strong><\/span><br \/><span style=\"font-size: 12pt; font-family: tahoma, arial, helvetica, sans-serif;\">+ Janina, Tadeusz Jarosz; Bronis\u0142aw Kurzy\u0144ski;<\/span><\/p>\n<p><span style=\"font-family: tahoma, arial, helvetica, sans-serif;\"><strong><span style=\"font-size: 12pt;\">12.30 &#8211; BIERZWNIK<\/span><\/strong><\/span><br \/><span style=\"font-size: 12pt; font-family: tahoma, arial, helvetica, sans-serif;\">+ Miros\u0142awa \u017burawska;<\/span><\/p>\n","protected":false},"excerpt":{"rendered":"<div class=\"mh-excerpt\"><p>Og\u0142oszenia duszpasterskie i intencje mszalne<br \/>w XV Niedziel\u0119 zwyk\u0142\u0105 &#8211; 12.07.2026<\/p>\n<\/div>","protected":false},"author":1,"featured_media":3487,"comment_status":"closed","ping_status":"open","sticky":false,"template":"","format":"standard","meta":{"footnotes":""},"categories":[2],"tags":[],"post_folder":[6],"class_list":["post-318","post","type-post","status-publish","format-standard","has-post-thumbnail","hentry","category-ogloszenia-duszpasterskie"],"_links":{"self":[{"href":"https:\/\/parafiabierzwnik.pl\/index.php?rest_route=\/wp\/v2\/posts\/318","targetHints":{"allow":["GET"]}}],"collection":[{"href":"https:\/\/parafiabierzwnik.pl\/index.php?rest_route=\/wp\/v2\/posts"}],"about":[{"href":"https:\/\/parafiabierzwnik.pl\/index.php?rest_route=\/wp\/v2\/types\/post"}],"author":[{"embeddable":true,"href":"https:\/\/parafiabierzwnik.pl\/index.php?rest_route=\/wp\/v2\/users\/1"}],"replies":[{"embeddable":true,"href":"https:\/\/parafiabierzwnik.pl\/index.php?rest_route=%2Fwp%2Fv2%2Fcomments&post=318"}],"version-history":[{"count":14,"href":"https:\/\/parafiabierzwnik.pl\/index.php?rest_route=\/wp\/v2\/posts\/318\/revisions"}],"predecessor-version":[{"id":3395,"href":"https:\/\/parafiabierzwnik.pl\/index.php?rest_route=\/wp\/v2\/posts\/318\/revisions\/3395"}],"wp:featuredmedia":[{"embeddable":true,"href":"https:\/\/parafiabierzwnik.pl\/index.php?rest_route=\/wp\/v2\/media\/3487"}],"wp:attachment":[{"href":"https:\/\/parafiabierzwnik.pl\/index.php?rest_route=%2Fwp%2Fv2%2Fmedia&parent=318"}],"wp:term":[{"taxonomy":"category","embeddable":true,"href":"https:\/\/parafiabierzwnik.pl\/index.php?rest_route=%2Fwp%2Fv2%2Fcategories&post=318"},{"taxonomy":"post_tag","embeddable":true,"href":"https:\/\/parafiabierzwnik.pl\/index.php?rest_route=%2Fwp%2Fv2%2Ftags&post=318"},{"taxonomy":"post_folder","embeddable":true,"href":"https:\/\/parafiabierzwnik.pl\/index.php?rest_route=%2Fwp%2Fv2%2Fpost_folder&post=318"}],"curies":[{"name":"wp","href":"https:\/\/api.w.org\/{rel}","templated":true}]}}